{"id":4771,"date":"2026-09-01T14:25:49","date_gmt":"2026-09-01T12:25:49","guid":{"rendered":"https:\/\/lfh.edu.gr\/?p=4771"},"modified":"2026-09-01T14:25:49","modified_gmt":"2026-09-01T12:25:49","slug":"les-equipes-du-lfhed-reunies-pour-la-prerentree","status":"publish","type":"post","link":"https:\/\/lfh.edu.gr\/el\/blog\/les-equipes-du-lfhed-reunies-pour-la-prerentree\/","title":{"rendered":"Les \u00e9quipes du LFHED r\u00e9unies pour la pr\u00e9rentr\u00e9e\u00a0!"},"content":{"rendered":"<p>Ce 1er septembre, les personnels du Lyc\u00e9e franco-hell\u00e9nique Eug\u00e8ne Delacroix se sont retrouv\u00e9s \u00e0 l\u2019occasion de la journ\u00e9e de pr\u00e9rentr\u00e9e, marquant le d\u00e9but d\u2019une nouvelle ann\u00e9e scolaire. R\u00e9unis autour de la direction du LFHED, ils ont \u00e9galement \u00e9t\u00e9 accueillis en pr\u00e9sence de Mme Maria Wadjinny, Conseill\u00e8re de coop\u00e9ration et d\u2019action culturelle et Directrice de l\u2019Institut fran\u00e7ais de Gr\u00e8ce, de M. Philippe Morisset, Attach\u00e9 de coop\u00e9ration \u00e9ducative, ainsi que de Mme Ir\u00e8ne Brissimi, repr\u00e9sentante du Comit\u00e9 de gestion.<\/p>\n\n\n\n<p>Cette pr\u00e9rentr\u00e9e a \u00e9galement \u00e9t\u00e9 l\u2019occasion d\u2019accueillir de nouveaux membres au sein de l\u2019\u00e9tablissement, dont M. Maxime Mac\u00e9, qui rejoint le LFHED en tant que Directeur administratif et financier (DAF), et Mme Katia Castillo, nouvelle Conseill\u00e8re principale d\u2019\u00e9ducation (CPE). Au-del\u00e0 des pr\u00e9sentations et des \u00e9changes autour de l\u2019ann\u00e9e scolaire qui commence, cette rencontre a permis de rappeler ce qui constitue l\u2019une des forces du LFHED : un \u00e9tablissement dans lequel les sections fran\u00e7aise et hell\u00e9nique partagent une m\u00eame \u00e9cole, un m\u00eame projet et une m\u00eame communaut\u00e9 \u00e9ducative.<\/p>\n\n\n\n<p>Un moment de retrouvailles, de rencontres et d\u2019\u00e9changes avant d\u2019accueillir \u00e0 leur tour les \u00e9l\u00e8ves et de lancer pleinement cette nouvelle ann\u00e9e scolaire.<\/p>","protected":false},"excerpt":{"rendered":"<p>Ce 1er septembre, les personnels du Lyc\u00e9e franco-hell\u00e9nique Eug\u00e8ne Delacroix se sont retrouv\u00e9s \u00e0 l\u2019occasion de la journ\u00e9e de pr\u00e9rentr\u00e9e, marquant le d\u00e9but d\u2019une nouvelle ann\u00e9e scolaire. R\u00e9unis autour de la direction du LFHED, ils ont \u00e9galement \u00e9t\u00e9 accueillis en pr\u00e9sence de Mme Maria Wadjinny, Conseill\u00e8re de coop\u00e9ration et d\u2019action culturelle et Directrice de l\u2019Institut [&hellip;]<\/p>\n","protected":false},"author":5,"featured_media":4783,"comment_status":"open","ping_status":"closed","sticky":false,"template":"","format":"standard","meta":{"inline_featured_image":false,"_jetpack_newsletter_access":"","_jetpack_dont_email_post_to_subs":false,"_jetpack_newsletter_tier_id":0,"_jetpack_memberships_contains_paywalled_content":false,"_breakdance_hide_in_design_set":false,"_breakdance_tags":"","_jetpack_memberships_contains_paid_content":false,"footnotes":""},"categories":[7],"tags":[],"class_list":["post-4771","post","type-post","status-publish","format-standard","has-post-thumbnail","hentry","category-evenements-du-lfhed"],"yoast_head":"<!-- This site is optimized with the Yoast SEO plugin v28.3 - https:\/\/yoast.com\/product\/yoast-seo-wordpress\/ -->\n<title>Les \u00e9quipes du LFHED r\u00e9unies pour la pr\u00e9rentr\u00e9e\u00a0! - Lyc\u00e9e Franco-Hell\u00e9nique Eug\u00e8ne Delacroix<\/title>\n<meta name=\"description\" content=\"Lisez l&#039;article et d\u00e9couvrez toute l&#039;actualit\u00e9 du Lyc\u00e9e Franco-Hell\u00e9nique Eug\u00e8ne Delacroix \u00e0 Ath\u00e8nes (LFHED).\" \/>\n<meta name=\"robots\" content=\"index, follow, max-snippet:-1, max-image-preview:large, max-video-preview:-1\" \/>\n<link rel=\"canonical\" href=\"https:\/\/lfh.edu.gr\/el\/blog\/les-equipes-du-lfhed-reunies-pour-la-prerentree\/\" \/>\n<meta property=\"og:locale\" content=\"el_GR\" \/>\n<meta property=\"og:type\" content=\"article\" \/>\n<meta property=\"og:title\" content=\"Les \u00e9quipes du LFHED r\u00e9unies pour la pr\u00e9rentr\u00e9e\u00a0! - Lyc\u00e9e Franco-Hell\u00e9nique Eug\u00e8ne Delacroix\" \/>\n<meta property=\"og:description\" content=\"Lisez l&#039;article et d\u00e9couvrez toute l&#039;actualit\u00e9 du Lyc\u00e9e Franco-Hell\u00e9nique Eug\u00e8ne Delacroix \u00e0 Ath\u00e8nes (LFHED).\" \/>\n<meta property=\"og:url\" content=\"https:\/\/lfh.edu.gr\/el\/blog\/les-equipes-du-lfhed-reunies-pour-la-prerentree\/\" \/>\n<meta property=\"og:site_name\" content=\"Lyc\u00e9e Franco-Hell\u00e9nique Eug\u00e8ne Delacroix\" \/>\n<meta property=\"article:published_time\" content=\"2026-09-01T12:25:49+00:00\" \/>\n<meta name=\"author\" content=\"Alexandre\" \/>\n<meta name=\"twitter:card\" content=\"summary_large_image\" \/>\n<meta name=\"twitter:label1\" content=\"\u03a3\u03c5\u03bd\u03c4\u03ac\u03c7\u03b8\u03b7\u03ba\u03b5 \u03b1\u03c0\u03cc\" \/>\n\t<meta name=\"twitter:data1\" content=\"Alexandre\" \/>\n\t<meta name=\"twitter:label2\" content=\"\u0395\u03ba\u03c4\u03b9\u03bc\u03ce\u03bc\u03b5\u03bd\u03bf\u03c2 \u03c7\u03c1\u03cc\u03bd\u03bf\u03c2 \u03b1\u03bd\u03ac\u03b3\u03bd\u03c9\u03c3\u03b7\u03c2\" \/>\n\t<meta name=\"twitter:data2\" content=\"1 \u03bb\u03b5\u03c0\u03c4\u03cc\" \/>\n<script type=\"application\/ld+json\" class=\"yoast-schema-graph\">{\"@context\":\"https:\\\/\\\/schema.org\",\"@graph\":[{\"@type\":\"Article\",\"@id\":\"https:\\\/\\\/lfh.edu.gr\\\/blog\\\/les-equipes-du-lfhed-reunies-pour-la-prerentree\\\/#article\",\"isPartOf\":{\"@id\":\"https:\\\/\\\/lfh.edu.gr\\\/blog\\\/les-equipes-du-lfhed-reunies-pour-la-prerentree\\\/\"},\"author\":{\"name\":\"Alexandre\",\"@id\":\"https:\\\/\\\/lfh.edu.gr\\\/#\\\/schema\\\/person\\\/b21946bef61d17e2181414c787ece2a1\"},\"headline\":\"Les \u00e9quipes du LFHED r\u00e9unies pour la pr\u00e9rentr\u00e9e\u00a0!\",\"datePublished\":\"2026-09-01T12:25:49+00:00\",\"mainEntityOfPage\":{\"@id\":\"https:\\\/\\\/lfh.edu.gr\\\/blog\\\/les-equipes-du-lfhed-reunies-pour-la-prerentree\\\/\"},\"wordCount\":237,\"commentCount\":0,\"image\":{\"@id\":\"https:\\\/\\\/lfh.edu.gr\\\/blog\\\/les-equipes-du-lfhed-reunies-pour-la-prerentree\\\/#primaryimage\"},\"thumbnailUrl\":\"https:\\\/\\\/lfh.edu.gr\\\/wordpress\\\/wp-content\\\/uploads\\\/2026\\\/09\\\/DSC04479-scaled.jpg\",\"articleSection\":[\"\u00c9v\u00e9nements du LFHED\"],\"inLanguage\":\"el\",\"potentialAction\":[{\"@type\":\"CommentAction\",\"name\":\"Comment\",\"target\":[\"https:\\\/\\\/lfh.edu.gr\\\/blog\\\/les-equipes-du-lfhed-reunies-pour-la-prerentree\\\/#respond\"]}]},{\"@type\":\"WebPage\",\"@id\":\"https:\\\/\\\/lfh.edu.gr\\\/blog\\\/les-equipes-du-lfhed-reunies-pour-la-prerentree\\\/\",\"url\":\"https:\\\/\\\/lfh.edu.gr\\\/blog\\\/les-equipes-du-lfhed-reunies-pour-la-prerentree\\\/\",\"name\":\"Les \u00e9quipes du LFHED r\u00e9unies pour la pr\u00e9rentr\u00e9e\u00a0! - Lyc\u00e9e Franco-Hell\u00e9nique Eug\u00e8ne Delacroix\",\"isPartOf\":{\"@id\":\"https:\\\/\\\/lfh.edu.gr\\\/#website\"},\"primaryImageOfPage\":{\"@id\":\"https:\\\/\\\/lfh.edu.gr\\\/blog\\\/les-equipes-du-lfhed-reunies-pour-la-prerentree\\\/#primaryimage\"},\"image\":{\"@id\":\"https:\\\/\\\/lfh.edu.gr\\\/blog\\\/les-equipes-du-lfhed-reunies-pour-la-prerentree\\\/#primaryimage\"},\"thumbnailUrl\":\"https:\\\/\\\/lfh.edu.gr\\\/wordpress\\\/wp-content\\\/uploads\\\/2026\\\/09\\\/DSC04479-scaled.jpg\",\"datePublished\":\"2026-09-01T12:25:49+00:00\",\"author\":{\"@id\":\"https:\\\/\\\/lfh.edu.gr\\\/#\\\/schema\\\/person\\\/b21946bef61d17e2181414c787ece2a1\"},\"description\":\"Lisez l'article et d\u00e9couvrez toute l'actualit\u00e9 du Lyc\u00e9e Franco-Hell\u00e9nique Eug\u00e8ne Delacroix \u00e0 Ath\u00e8nes (LFHED).\",\"breadcrumb\":{\"@id\":\"https:\\\/\\\/lfh.edu.gr\\\/blog\\\/les-equipes-du-lfhed-reunies-pour-la-prerentree\\\/#breadcrumb\"},\"inLanguage\":\"el\",\"potentialAction\":[{\"@type\":\"ReadAction\",\"target\":[\"https:\\\/\\\/lfh.edu.gr\\\/blog\\\/les-equipes-du-lfhed-reunies-pour-la-prerentree\\\/\"]}]},{\"@type\":\"ImageObject\",\"inLanguage\":\"el\",\"@id\":\"https:\\\/\\\/lfh.edu.gr\\\/blog\\\/les-equipes-du-lfhed-reunies-pour-la-prerentree\\\/#primaryimage\",\"url\":\"https:\\\/\\\/lfh.edu.gr\\\/wordpress\\\/wp-content\\\/uploads\\\/2026\\\/09\\\/DSC04479-scaled.jpg\",\"contentUrl\":\"https:\\\/\\\/lfh.edu.gr\\\/wordpress\\\/wp-content\\\/uploads\\\/2026\\\/09\\\/DSC04479-scaled.jpg\",\"width\":2560,\"height\":1707},{\"@type\":\"BreadcrumbList\",\"@id\":\"https:\\\/\\\/lfh.edu.gr\\\/blog\\\/les-equipes-du-lfhed-reunies-pour-la-prerentree\\\/#breadcrumb\",\"itemListElement\":[{\"@type\":\"ListItem\",\"position\":1,\"name\":\"Accueil\",\"item\":\"https:\\\/\\\/lfh.edu.gr\\\/\"},{\"@type\":\"ListItem\",\"position\":2,\"name\":\"Les \u00e9quipes du LFHED r\u00e9unies pour la pr\u00e9rentr\u00e9e\u00a0!\"}]},{\"@type\":\"WebSite\",\"@id\":\"https:\\\/\\\/lfh.edu.gr\\\/#website\",\"url\":\"https:\\\/\\\/lfh.edu.gr\\\/\",\"name\":\"Lyc\u00e9e Franco-Hell\u00e9nique Eug\u00e8ne Delacroix\",\"description\":\"\",\"potentialAction\":[{\"@type\":\"SearchAction\",\"target\":{\"@type\":\"EntryPoint\",\"urlTemplate\":\"https:\\\/\\\/lfh.edu.gr\\\/?s={search_term_string}\"},\"query-input\":{\"@type\":\"PropertyValueSpecification\",\"valueRequired\":true,\"valueName\":\"search_term_string\"}}],\"inLanguage\":\"el\"},{\"@type\":\"Person\",\"@id\":\"https:\\\/\\\/lfh.edu.gr\\\/#\\\/schema\\\/person\\\/b21946bef61d17e2181414c787ece2a1\",\"name\":\"Alexandre\",\"image\":{\"@type\":\"ImageObject\",\"inLanguage\":\"el\",\"@id\":\"https:\\\/\\\/secure.gravatar.com\\\/avatar\\\/cf0f57bf0c764649583d3c58f343ed6e6b2516e7224dbf4e779aed94f0c44c44?s=96&d=mm&r=g\",\"url\":\"https:\\\/\\\/secure.gravatar.com\\\/avatar\\\/cf0f57bf0c764649583d3c58f343ed6e6b2516e7224dbf4e779aed94f0c44c44?s=96&d=mm&r=g\",\"contentUrl\":\"https:\\\/\\\/secure.gravatar.com\\\/avatar\\\/cf0f57bf0c764649583d3c58f343ed6e6b2516e7224dbf4e779aed94f0c44c44?s=96&d=mm&r=g\",\"caption\":\"Alexandre\"},\"url\":\"https:\\\/\\\/lfh.edu.gr\\\/el\\\/blog\\\/author\\\/atsipouridis\\\/\"}]}<\/script>\n<!-- \/ Yoast SEO plugin. -->","yoast_head_json":{"title":"Les \u00e9quipes du LFHED r\u00e9unies pour la pr\u00e9rentr\u00e9e\u00a0! - Lyc\u00e9e Franco-Hell\u00e9nique Eug\u00e8ne Delacroix","description":"\u0394\u03b9\u03b1\u03b2\u03ac\u03c3\u03c4\u03b5 \u03c4\u03bf \u03ac\u03c1\u03b8\u03c1\u03bf \u03ba\u03b1\u03b9 \u03bc\u03ac\u03b8\u03b5\u03c4\u03b5 \u03cc\u03bb\u03b1 \u03c4\u03b1 \u03c4\u03b5\u03bb\u03b5\u03c5\u03c4\u03b1\u03af\u03b1 \u03bd\u03ad\u03b1 \u03b1\u03c0\u03cc \u03c4\u03bf \u039b\u03cd\u03ba\u03b5\u03b9\u03bf \u0393\u03b1\u03bb\u03bb\u03bf\u03b5\u03bb\u03bb\u03b7\u03bd\u03b9\u03ba\u03bf\u03cd \u0395\u03c5\u03b3\u03ad\u03bd\u03b9\u03bf\u03c5 \u039d\u03c4\u03b5\u03bb\u03b1\u03ba\u03c1\u03bf\u03c5\u03ac \u03c3\u03c4\u03b7\u03bd \u0391\u03b8\u03ae\u03bd\u03b1 (LFHED).","robots":{"index":"index","follow":"follow","max-snippet":"max-snippet:-1","max-image-preview":"max-image-preview:large","max-video-preview":"max-video-preview:-1"},"canonical":"https:\/\/lfh.edu.gr\/el\/blog\/les-equipes-du-lfhed-reunies-pour-la-prerentree\/","og_locale":"el_GR","og_type":"article","og_title":"Les \u00e9quipes du LFHED r\u00e9unies pour la pr\u00e9rentr\u00e9e\u00a0! - Lyc\u00e9e Franco-Hell\u00e9nique Eug\u00e8ne Delacroix","og_description":"Lisez l'article et d\u00e9couvrez toute l'actualit\u00e9 du Lyc\u00e9e Franco-Hell\u00e9nique Eug\u00e8ne Delacroix \u00e0 Ath\u00e8nes (LFHED).","og_url":"https:\/\/lfh.edu.gr\/el\/blog\/les-equipes-du-lfhed-reunies-pour-la-prerentree\/","og_site_name":"Lyc\u00e9e Franco-Hell\u00e9nique Eug\u00e8ne Delacroix","article_published_time":"2026-09-01T12:25:49+00:00","author":"Alexandre","twitter_card":"summary_large_image","twitter_misc":{"\u03a3\u03c5\u03bd\u03c4\u03ac\u03c7\u03b8\u03b7\u03ba\u03b5 \u03b1\u03c0\u03cc":"Alexandre","\u0395\u03ba\u03c4\u03b9\u03bc\u03ce\u03bc\u03b5\u03bd\u03bf\u03c2 \u03c7\u03c1\u03cc\u03bd\u03bf\u03c2 \u03b1\u03bd\u03ac\u03b3\u03bd\u03c9\u03c3\u03b7\u03c2":"1 \u03bb\u03b5\u03c0\u03c4\u03cc"},"schema":{"@context":"https:\/\/schema.org","@graph":[{"@type":"Article","@id":"https:\/\/lfh.edu.gr\/blog\/les-equipes-du-lfhed-reunies-pour-la-prerentree\/#article","isPartOf":{"@id":"https:\/\/lfh.edu.gr\/blog\/les-equipes-du-lfhed-reunies-pour-la-prerentree\/"},"author":{"name":"Alexandre","@id":"https:\/\/lfh.edu.gr\/#\/schema\/person\/b21946bef61d17e2181414c787ece2a1"},"headline":"Les \u00e9quipes du LFHED r\u00e9unies pour la pr\u00e9rentr\u00e9e\u00a0!","datePublished":"2026-09-01T12:25:49+00:00","mainEntityOfPage":{"@id":"https:\/\/lfh.edu.gr\/blog\/les-equipes-du-lfhed-reunies-pour-la-prerentree\/"},"wordCount":237,"commentCount":0,"image":{"@id":"https:\/\/lfh.edu.gr\/blog\/les-equipes-du-lfhed-reunies-pour-la-prerentree\/#primaryimage"},"thumbnailUrl":"https:\/\/lfh.edu.gr\/wordpress\/wp-content\/uploads\/2026\/09\/DSC04479-scaled.jpg","articleSection":["\u00c9v\u00e9nements du LFHED"],"inLanguage":"el","potentialAction":[{"@type":"CommentAction","name":"Comment","target":["https:\/\/lfh.edu.gr\/blog\/les-equipes-du-lfhed-reunies-pour-la-prerentree\/#respond"]}]},{"@type":"WebPage","@id":"https:\/\/lfh.edu.gr\/blog\/les-equipes-du-lfhed-reunies-pour-la-prerentree\/","url":"https:\/\/lfh.edu.gr\/blog\/les-equipes-du-lfhed-reunies-pour-la-prerentree\/","name":"Les \u00e9quipes du LFHED r\u00e9unies pour la pr\u00e9rentr\u00e9e\u00a0! - Lyc\u00e9e Franco-Hell\u00e9nique Eug\u00e8ne Delacroix","isPartOf":{"@id":"https:\/\/lfh.edu.gr\/#website"},"primaryImageOfPage":{"@id":"https:\/\/lfh.edu.gr\/blog\/les-equipes-du-lfhed-reunies-pour-la-prerentree\/#primaryimage"},"image":{"@id":"https:\/\/lfh.edu.gr\/blog\/les-equipes-du-lfhed-reunies-pour-la-prerentree\/#primaryimage"},"thumbnailUrl":"https:\/\/lfh.edu.gr\/wordpress\/wp-content\/uploads\/2026\/09\/DSC04479-scaled.jpg","datePublished":"2026-09-01T12:25:49+00:00","author":{"@id":"https:\/\/lfh.edu.gr\/#\/schema\/person\/b21946bef61d17e2181414c787ece2a1"},"description":"\u0394\u03b9\u03b1\u03b2\u03ac\u03c3\u03c4\u03b5 \u03c4\u03bf \u03ac\u03c1\u03b8\u03c1\u03bf \u03ba\u03b1\u03b9 \u03bc\u03ac\u03b8\u03b5\u03c4\u03b5 \u03cc\u03bb\u03b1 \u03c4\u03b1 \u03c4\u03b5\u03bb\u03b5\u03c5\u03c4\u03b1\u03af\u03b1 \u03bd\u03ad\u03b1 \u03b1\u03c0\u03cc \u03c4\u03bf \u039b\u03cd\u03ba\u03b5\u03b9\u03bf \u0393\u03b1\u03bb\u03bb\u03bf\u03b5\u03bb\u03bb\u03b7\u03bd\u03b9\u03ba\u03bf\u03cd \u0395\u03c5\u03b3\u03ad\u03bd\u03b9\u03bf\u03c5 \u039d\u03c4\u03b5\u03bb\u03b1\u03ba\u03c1\u03bf\u03c5\u03ac \u03c3\u03c4\u03b7\u03bd \u0391\u03b8\u03ae\u03bd\u03b1 (LFHED).","breadcrumb":{"@id":"https:\/\/lfh.edu.gr\/blog\/les-equipes-du-lfhed-reunies-pour-la-prerentree\/#breadcrumb"},"inLanguage":"el","potentialAction":[{"@type":"ReadAction","target":["https:\/\/lfh.edu.gr\/blog\/les-equipes-du-lfhed-reunies-pour-la-prerentree\/"]}]},{"@type":"ImageObject","inLanguage":"el","@id":"https:\/\/lfh.edu.gr\/blog\/les-equipes-du-lfhed-reunies-pour-la-prerentree\/#primaryimage","url":"https:\/\/lfh.edu.gr\/wordpress\/wp-content\/uploads\/2026\/09\/DSC04479-scaled.jpg","contentUrl":"https:\/\/lfh.edu.gr\/wordpress\/wp-content\/uploads\/2026\/09\/DSC04479-scaled.jpg","width":2560,"height":1707},{"@type":"BreadcrumbList","@id":"https:\/\/lfh.edu.gr\/blog\/les-equipes-du-lfhed-reunies-pour-la-prerentree\/#breadcrumb","itemListElement":[{"@type":"ListItem","position":1,"name":"Accueil","item":"https:\/\/lfh.edu.gr\/"},{"@type":"ListItem","position":2,"name":"Les \u00e9quipes du LFHED r\u00e9unies pour la pr\u00e9rentr\u00e9e\u00a0!"}]},{"@type":"WebSite","@id":"https:\/\/lfh.edu.gr\/#website","url":"https:\/\/lfh.edu.gr\/","name":"Lyc\u00e9e Franco-Hell\u00e9nique Eug\u00e8ne Delacroix","description":"","potentialAction":[{"@type":"SearchAction","target":{"@type":"EntryPoint","urlTemplate":"https:\/\/lfh.edu.gr\/?s={search_term_string}"},"query-input":{"@type":"PropertyValueSpecification","valueRequired":true,"valueName":"search_term_string"}}],"inLanguage":"el"},{"@type":"Person","@id":"https:\/\/lfh.edu.gr\/#\/schema\/person\/b21946bef61d17e2181414c787ece2a1","name":"Alexandre","image":{"@type":"ImageObject","inLanguage":"el","@id":"https:\/\/secure.gravatar.com\/avatar\/cf0f57bf0c764649583d3c58f343ed6e6b2516e7224dbf4e779aed94f0c44c44?s=96&d=mm&r=g","url":"https:\/\/secure.gravatar.com\/avatar\/cf0f57bf0c764649583d3c58f343ed6e6b2516e7224dbf4e779aed94f0c44c44?s=96&d=mm&r=g","contentUrl":"https:\/\/secure.gravatar.com\/avatar\/cf0f57bf0c764649583d3c58f343ed6e6b2516e7224dbf4e779aed94f0c44c44?s=96&d=mm&r=g","caption":"Alexandre"},"url":"https:\/\/lfh.edu.gr\/el\/blog\/author\/atsipouridis\/"}]}},"jetpack_featured_media_url":"https:\/\/lfh.edu.gr\/wordpress\/wp-content\/uploads\/2026\/09\/DSC04479-scaled.jpg","jetpack_sharing_enabled":true,"_links":{"self":[{"href":"https:\/\/lfh.edu.gr\/el\/wp-json\/wp\/v2\/posts\/4771","targetHints":{"allow":["GET"]}}],"collection":[{"href":"https:\/\/lfh.edu.gr\/el\/wp-json\/wp\/v2\/posts"}],"about":[{"href":"https:\/\/lfh.edu.gr\/el\/wp-json\/wp\/v2\/types\/post"}],"author":[{"embeddable":true,"href":"https:\/\/lfh.edu.gr\/el\/wp-json\/wp\/v2\/users\/5"}],"replies":[{"embeddable":true,"href":"https:\/\/lfh.edu.gr\/el\/wp-json\/wp\/v2\/comments?post=4771"}],"version-history":[{"count":1,"href":"https:\/\/lfh.edu.gr\/el\/wp-json\/wp\/v2\/posts\/4771\/revisions"}],"predecessor-version":[{"id":4784,"href":"https:\/\/lfh.edu.gr\/el\/wp-json\/wp\/v2\/posts\/4771\/revisions\/4784"}],"wp:featuredmedia":[{"embeddable":true,"href":"https:\/\/lfh.edu.gr\/el\/wp-json\/wp\/v2\/media\/4783"}],"wp:attachment":[{"href":"https:\/\/lfh.edu.gr\/el\/wp-json\/wp\/v2\/media?parent=4771"}],"wp:term":[{"taxonomy":"category","embeddable":true,"href":"https:\/\/lfh.edu.gr\/el\/wp-json\/wp\/v2\/categories?post=4771"},{"taxonomy":"post_tag","embeddable":true,"href":"https:\/\/lfh.edu.gr\/el\/wp-json\/wp\/v2\/tags?post=4771"}],"curies":[{"name":"wp","href":"https:\/\/api.w.org\/{rel}","templated":true}]}}