{"id":4764,"date":"2026-09-01T14:05:21","date_gmt":"2026-09-01T12:05:21","guid":{"rendered":"https:\/\/lfh.edu.gr\/?p=4764"},"modified":"2026-09-01T14:05:21","modified_gmt":"2026-09-01T12:05:21","slug":"le-lfhed-accueille-ses-nouveaux-eleves","status":"publish","type":"post","link":"https:\/\/lfh.edu.gr\/el\/blog\/le-lfhed-accueille-ses-nouveaux-eleves\/","title":{"rendered":"Le LFHED accueille ses nouveaux \u00e9l\u00e8ves\u00a0!"},"content":{"rendered":"<p>Le Lyc\u00e9e franco-hell\u00e9nique Eug\u00e8ne Delacroix a eu le plaisir d\u2019accueillir ses nouveaux \u00e9l\u00e8ves du primaire et du secondaire, des sections fran\u00e7aise et hell\u00e9nique, accompagn\u00e9s de leurs parents, pour une premi\u00e8re rencontre au sein de l\u2019\u00e9tablissement.<\/p>\n<p>Cette rencontre leur a permis de d\u00e9couvrir leur nouvel environnement scolaire, de faire connaissance avec les \u00e9quipes de l\u2019\u00e9tablissement et de prendre leurs premiers rep\u00e8res. Un moment important pour les \u00e9l\u00e8ves comme pour leurs familles, qui marque leurs premiers pas au sein de la communaut\u00e9 du LFHED.<\/p>\n<p>Nous leur souhaitons \u00e0 toutes et \u00e0 tous la bienvenue et une excellente rentr\u00e9e, riche en d\u00e9couvertes, en rencontres et en r\u00e9ussites !<\/p>\n\n\n<p><\/p>","protected":false},"excerpt":{"rendered":"<p>Le Lyc\u00e9e franco-hell\u00e9nique Eug\u00e8ne Delacroix a eu le plaisir d\u2019accueillir ses nouveaux \u00e9l\u00e8ves du primaire et du secondaire, des sections fran\u00e7aise et hell\u00e9nique, accompagn\u00e9s de leurs parents, pour une premi\u00e8re rencontre au sein de l\u2019\u00e9tablissement. Cette rencontre leur a permis de d\u00e9couvrir leur nouvel environnement scolaire, de faire connaissance avec les \u00e9quipes de l\u2019\u00e9tablissement et [&hellip;]<\/p>\n","protected":false},"author":5,"featured_media":4766,"comment_status":"open","ping_status":"closed","sticky":false,"template":"","format":"standard","meta":{"inline_featured_image":false,"_jetpack_newsletter_access":"","_jetpack_dont_email_post_to_subs":false,"_jetpack_newsletter_tier_id":0,"_jetpack_memberships_contains_paywalled_content":false,"_breakdance_hide_in_design_set":false,"_breakdance_tags":"","_jetpack_memberships_contains_paid_content":false,"footnotes":""},"categories":[7],"tags":[],"class_list":["post-4764","post","type-post","status-publish","format-standard","has-post-thumbnail","hentry","category-evenements-du-lfhed"],"yoast_head":"<!-- This site is optimized with the Yoast SEO plugin v28.3 - https:\/\/yoast.com\/product\/yoast-seo-wordpress\/ -->\n<title>Le LFHED accueille ses nouveaux \u00e9l\u00e8ves\u00a0! - Lyc\u00e9e Franco-Hell\u00e9nique Eug\u00e8ne Delacroix<\/title>\n<meta name=\"description\" content=\"Lisez l&#039;article et d\u00e9couvrez toute l&#039;actualit\u00e9 du Lyc\u00e9e Franco-Hell\u00e9nique Eug\u00e8ne Delacroix \u00e0 Ath\u00e8nes (LFHED).\" \/>\n<meta name=\"robots\" content=\"index, follow, max-snippet:-1, max-image-preview:large, max-video-preview:-1\" \/>\n<link rel=\"canonical\" href=\"https:\/\/lfh.edu.gr\/el\/blog\/le-lfhed-accueille-ses-nouveaux-eleves\/\" \/>\n<meta property=\"og:locale\" content=\"el_GR\" \/>\n<meta property=\"og:type\" content=\"article\" \/>\n<meta property=\"og:title\" content=\"Le LFHED accueille ses nouveaux \u00e9l\u00e8ves\u00a0! - Lyc\u00e9e Franco-Hell\u00e9nique Eug\u00e8ne Delacroix\" \/>\n<meta property=\"og:description\" content=\"Lisez l&#039;article et d\u00e9couvrez toute l&#039;actualit\u00e9 du Lyc\u00e9e Franco-Hell\u00e9nique Eug\u00e8ne Delacroix \u00e0 Ath\u00e8nes (LFHED).\" \/>\n<meta property=\"og:url\" content=\"https:\/\/lfh.edu.gr\/el\/blog\/le-lfhed-accueille-ses-nouveaux-eleves\/\" \/>\n<meta property=\"og:site_name\" content=\"Lyc\u00e9e Franco-Hell\u00e9nique Eug\u00e8ne Delacroix\" \/>\n<meta property=\"article:published_time\" content=\"2026-09-01T12:05:21+00:00\" \/>\n<meta name=\"author\" content=\"Alexandre\" \/>\n<meta name=\"twitter:card\" content=\"summary_large_image\" \/>\n<meta name=\"twitter:label1\" content=\"\u03a3\u03c5\u03bd\u03c4\u03ac\u03c7\u03b8\u03b7\u03ba\u03b5 \u03b1\u03c0\u03cc\" \/>\n\t<meta name=\"twitter:data1\" content=\"Alexandre\" \/>\n\t<meta name=\"twitter:label2\" content=\"\u0395\u03ba\u03c4\u03b9\u03bc\u03ce\u03bc\u03b5\u03bd\u03bf\u03c2 \u03c7\u03c1\u03cc\u03bd\u03bf\u03c2 \u03b1\u03bd\u03ac\u03b3\u03bd\u03c9\u03c3\u03b7\u03c2\" \/>\n\t<meta name=\"twitter:data2\" content=\"1 \u03bb\u03b5\u03c0\u03c4\u03cc\" \/>\n<script type=\"application\/ld+json\" class=\"yoast-schema-graph\">{\"@context\":\"https:\\\/\\\/schema.org\",\"@graph\":[{\"@type\":\"Article\",\"@id\":\"https:\\\/\\\/lfh.edu.gr\\\/blog\\\/le-lfhed-accueille-ses-nouveaux-eleves\\\/#article\",\"isPartOf\":{\"@id\":\"https:\\\/\\\/lfh.edu.gr\\\/blog\\\/le-lfhed-accueille-ses-nouveaux-eleves\\\/\"},\"author\":{\"name\":\"Alexandre\",\"@id\":\"https:\\\/\\\/lfh.edu.gr\\\/#\\\/schema\\\/person\\\/b21946bef61d17e2181414c787ece2a1\"},\"headline\":\"Le LFHED accueille ses nouveaux \u00e9l\u00e8ves\u00a0!\",\"datePublished\":\"2026-09-01T12:05:21+00:00\",\"mainEntityOfPage\":{\"@id\":\"https:\\\/\\\/lfh.edu.gr\\\/blog\\\/le-lfhed-accueille-ses-nouveaux-eleves\\\/\"},\"wordCount\":126,\"commentCount\":0,\"image\":{\"@id\":\"https:\\\/\\\/lfh.edu.gr\\\/blog\\\/le-lfhed-accueille-ses-nouveaux-eleves\\\/#primaryimage\"},\"thumbnailUrl\":\"https:\\\/\\\/lfh.edu.gr\\\/wordpress\\\/wp-content\\\/uploads\\\/2026\\\/09\\\/DSC04295-scaled.jpg\",\"articleSection\":[\"\u00c9v\u00e9nements du LFHED\"],\"inLanguage\":\"el\",\"potentialAction\":[{\"@type\":\"CommentAction\",\"name\":\"Comment\",\"target\":[\"https:\\\/\\\/lfh.edu.gr\\\/blog\\\/le-lfhed-accueille-ses-nouveaux-eleves\\\/#respond\"]}]},{\"@type\":\"WebPage\",\"@id\":\"https:\\\/\\\/lfh.edu.gr\\\/blog\\\/le-lfhed-accueille-ses-nouveaux-eleves\\\/\",\"url\":\"https:\\\/\\\/lfh.edu.gr\\\/blog\\\/le-lfhed-accueille-ses-nouveaux-eleves\\\/\",\"name\":\"Le LFHED accueille ses nouveaux \u00e9l\u00e8ves\u00a0! - Lyc\u00e9e Franco-Hell\u00e9nique Eug\u00e8ne Delacroix\",\"isPartOf\":{\"@id\":\"https:\\\/\\\/lfh.edu.gr\\\/#website\"},\"primaryImageOfPage\":{\"@id\":\"https:\\\/\\\/lfh.edu.gr\\\/blog\\\/le-lfhed-accueille-ses-nouveaux-eleves\\\/#primaryimage\"},\"image\":{\"@id\":\"https:\\\/\\\/lfh.edu.gr\\\/blog\\\/le-lfhed-accueille-ses-nouveaux-eleves\\\/#primaryimage\"},\"thumbnailUrl\":\"https:\\\/\\\/lfh.edu.gr\\\/wordpress\\\/wp-content\\\/uploads\\\/2026\\\/09\\\/DSC04295-scaled.jpg\",\"datePublished\":\"2026-09-01T12:05:21+00:00\",\"author\":{\"@id\":\"https:\\\/\\\/lfh.edu.gr\\\/#\\\/schema\\\/person\\\/b21946bef61d17e2181414c787ece2a1\"},\"description\":\"Lisez l'article et d\u00e9couvrez toute l'actualit\u00e9 du Lyc\u00e9e Franco-Hell\u00e9nique Eug\u00e8ne Delacroix \u00e0 Ath\u00e8nes (LFHED).\",\"breadcrumb\":{\"@id\":\"https:\\\/\\\/lfh.edu.gr\\\/blog\\\/le-lfhed-accueille-ses-nouveaux-eleves\\\/#breadcrumb\"},\"inLanguage\":\"el\",\"potentialAction\":[{\"@type\":\"ReadAction\",\"target\":[\"https:\\\/\\\/lfh.edu.gr\\\/blog\\\/le-lfhed-accueille-ses-nouveaux-eleves\\\/\"]}]},{\"@type\":\"ImageObject\",\"inLanguage\":\"el\",\"@id\":\"https:\\\/\\\/lfh.edu.gr\\\/blog\\\/le-lfhed-accueille-ses-nouveaux-eleves\\\/#primaryimage\",\"url\":\"https:\\\/\\\/lfh.edu.gr\\\/wordpress\\\/wp-content\\\/uploads\\\/2026\\\/09\\\/DSC04295-scaled.jpg\",\"contentUrl\":\"https:\\\/\\\/lfh.edu.gr\\\/wordpress\\\/wp-content\\\/uploads\\\/2026\\\/09\\\/DSC04295-scaled.jpg\",\"width\":2560,\"height\":1707},{\"@type\":\"BreadcrumbList\",\"@id\":\"https:\\\/\\\/lfh.edu.gr\\\/blog\\\/le-lfhed-accueille-ses-nouveaux-eleves\\\/#breadcrumb\",\"itemListElement\":[{\"@type\":\"ListItem\",\"position\":1,\"name\":\"Accueil\",\"item\":\"https:\\\/\\\/lfh.edu.gr\\\/\"},{\"@type\":\"ListItem\",\"position\":2,\"name\":\"Le LFHED accueille ses nouveaux \u00e9l\u00e8ves\u00a0!\"}]},{\"@type\":\"WebSite\",\"@id\":\"https:\\\/\\\/lfh.edu.gr\\\/#website\",\"url\":\"https:\\\/\\\/lfh.edu.gr\\\/\",\"name\":\"Lyc\u00e9e Franco-Hell\u00e9nique Eug\u00e8ne Delacroix\",\"description\":\"\",\"potentialAction\":[{\"@type\":\"SearchAction\",\"target\":{\"@type\":\"EntryPoint\",\"urlTemplate\":\"https:\\\/\\\/lfh.edu.gr\\\/?s={search_term_string}\"},\"query-input\":{\"@type\":\"PropertyValueSpecification\",\"valueRequired\":true,\"valueName\":\"search_term_string\"}}],\"inLanguage\":\"el\"},{\"@type\":\"Person\",\"@id\":\"https:\\\/\\\/lfh.edu.gr\\\/#\\\/schema\\\/person\\\/b21946bef61d17e2181414c787ece2a1\",\"name\":\"Alexandre\",\"image\":{\"@type\":\"ImageObject\",\"inLanguage\":\"el\",\"@id\":\"https:\\\/\\\/secure.gravatar.com\\\/avatar\\\/cf0f57bf0c764649583d3c58f343ed6e6b2516e7224dbf4e779aed94f0c44c44?s=96&d=mm&r=g\",\"url\":\"https:\\\/\\\/secure.gravatar.com\\\/avatar\\\/cf0f57bf0c764649583d3c58f343ed6e6b2516e7224dbf4e779aed94f0c44c44?s=96&d=mm&r=g\",\"contentUrl\":\"https:\\\/\\\/secure.gravatar.com\\\/avatar\\\/cf0f57bf0c764649583d3c58f343ed6e6b2516e7224dbf4e779aed94f0c44c44?s=96&d=mm&r=g\",\"caption\":\"Alexandre\"},\"url\":\"https:\\\/\\\/lfh.edu.gr\\\/el\\\/blog\\\/author\\\/atsipouridis\\\/\"}]}<\/script>\n<!-- \/ Yoast SEO plugin. -->","yoast_head_json":{"title":"Le LFHED accueille ses nouveaux \u00e9l\u00e8ves\u00a0! - Lyc\u00e9e Franco-Hell\u00e9nique Eug\u00e8ne Delacroix","description":"\u0394\u03b9\u03b1\u03b2\u03ac\u03c3\u03c4\u03b5 \u03c4\u03bf \u03ac\u03c1\u03b8\u03c1\u03bf \u03ba\u03b1\u03b9 \u03bc\u03ac\u03b8\u03b5\u03c4\u03b5 \u03cc\u03bb\u03b1 \u03c4\u03b1 \u03c4\u03b5\u03bb\u03b5\u03c5\u03c4\u03b1\u03af\u03b1 \u03bd\u03ad\u03b1 \u03b1\u03c0\u03cc \u03c4\u03bf \u039b\u03cd\u03ba\u03b5\u03b9\u03bf \u0393\u03b1\u03bb\u03bb\u03bf\u03b5\u03bb\u03bb\u03b7\u03bd\u03b9\u03ba\u03bf\u03cd \u0395\u03c5\u03b3\u03ad\u03bd\u03b9\u03bf\u03c5 \u039d\u03c4\u03b5\u03bb\u03b1\u03ba\u03c1\u03bf\u03c5\u03ac \u03c3\u03c4\u03b7\u03bd \u0391\u03b8\u03ae\u03bd\u03b1 (LFHED).","robots":{"index":"index","follow":"follow","max-snippet":"max-snippet:-1","max-image-preview":"max-image-preview:large","max-video-preview":"max-video-preview:-1"},"canonical":"https:\/\/lfh.edu.gr\/el\/blog\/le-lfhed-accueille-ses-nouveaux-eleves\/","og_locale":"el_GR","og_type":"article","og_title":"Le LFHED accueille ses nouveaux \u00e9l\u00e8ves\u00a0! - Lyc\u00e9e Franco-Hell\u00e9nique Eug\u00e8ne Delacroix","og_description":"Lisez l'article et d\u00e9couvrez toute l'actualit\u00e9 du Lyc\u00e9e Franco-Hell\u00e9nique Eug\u00e8ne Delacroix \u00e0 Ath\u00e8nes (LFHED).","og_url":"https:\/\/lfh.edu.gr\/el\/blog\/le-lfhed-accueille-ses-nouveaux-eleves\/","og_site_name":"Lyc\u00e9e Franco-Hell\u00e9nique Eug\u00e8ne Delacroix","article_published_time":"2026-09-01T12:05:21+00:00","author":"Alexandre","twitter_card":"summary_large_image","twitter_misc":{"\u03a3\u03c5\u03bd\u03c4\u03ac\u03c7\u03b8\u03b7\u03ba\u03b5 \u03b1\u03c0\u03cc":"Alexandre","\u0395\u03ba\u03c4\u03b9\u03bc\u03ce\u03bc\u03b5\u03bd\u03bf\u03c2 \u03c7\u03c1\u03cc\u03bd\u03bf\u03c2 \u03b1\u03bd\u03ac\u03b3\u03bd\u03c9\u03c3\u03b7\u03c2":"1 \u03bb\u03b5\u03c0\u03c4\u03cc"},"schema":{"@context":"https:\/\/schema.org","@graph":[{"@type":"Article","@id":"https:\/\/lfh.edu.gr\/blog\/le-lfhed-accueille-ses-nouveaux-eleves\/#article","isPartOf":{"@id":"https:\/\/lfh.edu.gr\/blog\/le-lfhed-accueille-ses-nouveaux-eleves\/"},"author":{"name":"Alexandre","@id":"https:\/\/lfh.edu.gr\/#\/schema\/person\/b21946bef61d17e2181414c787ece2a1"},"headline":"Le LFHED accueille ses nouveaux \u00e9l\u00e8ves\u00a0!","datePublished":"2026-09-01T12:05:21+00:00","mainEntityOfPage":{"@id":"https:\/\/lfh.edu.gr\/blog\/le-lfhed-accueille-ses-nouveaux-eleves\/"},"wordCount":126,"commentCount":0,"image":{"@id":"https:\/\/lfh.edu.gr\/blog\/le-lfhed-accueille-ses-nouveaux-eleves\/#primaryimage"},"thumbnailUrl":"https:\/\/lfh.edu.gr\/wordpress\/wp-content\/uploads\/2026\/09\/DSC04295-scaled.jpg","articleSection":["\u00c9v\u00e9nements du LFHED"],"inLanguage":"el","potentialAction":[{"@type":"CommentAction","name":"Comment","target":["https:\/\/lfh.edu.gr\/blog\/le-lfhed-accueille-ses-nouveaux-eleves\/#respond"]}]},{"@type":"WebPage","@id":"https:\/\/lfh.edu.gr\/blog\/le-lfhed-accueille-ses-nouveaux-eleves\/","url":"https:\/\/lfh.edu.gr\/blog\/le-lfhed-accueille-ses-nouveaux-eleves\/","name":"Le LFHED accueille ses nouveaux \u00e9l\u00e8ves\u00a0! - Lyc\u00e9e Franco-Hell\u00e9nique Eug\u00e8ne Delacroix","isPartOf":{"@id":"https:\/\/lfh.edu.gr\/#website"},"primaryImageOfPage":{"@id":"https:\/\/lfh.edu.gr\/blog\/le-lfhed-accueille-ses-nouveaux-eleves\/#primaryimage"},"image":{"@id":"https:\/\/lfh.edu.gr\/blog\/le-lfhed-accueille-ses-nouveaux-eleves\/#primaryimage"},"thumbnailUrl":"https:\/\/lfh.edu.gr\/wordpress\/wp-content\/uploads\/2026\/09\/DSC04295-scaled.jpg","datePublished":"2026-09-01T12:05:21+00:00","author":{"@id":"https:\/\/lfh.edu.gr\/#\/schema\/person\/b21946bef61d17e2181414c787ece2a1"},"description":"\u0394\u03b9\u03b1\u03b2\u03ac\u03c3\u03c4\u03b5 \u03c4\u03bf \u03ac\u03c1\u03b8\u03c1\u03bf \u03ba\u03b1\u03b9 \u03bc\u03ac\u03b8\u03b5\u03c4\u03b5 \u03cc\u03bb\u03b1 \u03c4\u03b1 \u03c4\u03b5\u03bb\u03b5\u03c5\u03c4\u03b1\u03af\u03b1 \u03bd\u03ad\u03b1 \u03b1\u03c0\u03cc \u03c4\u03bf \u039b\u03cd\u03ba\u03b5\u03b9\u03bf \u0393\u03b1\u03bb\u03bb\u03bf\u03b5\u03bb\u03bb\u03b7\u03bd\u03b9\u03ba\u03bf\u03cd \u0395\u03c5\u03b3\u03ad\u03bd\u03b9\u03bf\u03c5 \u039d\u03c4\u03b5\u03bb\u03b1\u03ba\u03c1\u03bf\u03c5\u03ac \u03c3\u03c4\u03b7\u03bd \u0391\u03b8\u03ae\u03bd\u03b1 (LFHED).","breadcrumb":{"@id":"https:\/\/lfh.edu.gr\/blog\/le-lfhed-accueille-ses-nouveaux-eleves\/#breadcrumb"},"inLanguage":"el","potentialAction":[{"@type":"ReadAction","target":["https:\/\/lfh.edu.gr\/blog\/le-lfhed-accueille-ses-nouveaux-eleves\/"]}]},{"@type":"ImageObject","inLanguage":"el","@id":"https:\/\/lfh.edu.gr\/blog\/le-lfhed-accueille-ses-nouveaux-eleves\/#primaryimage","url":"https:\/\/lfh.edu.gr\/wordpress\/wp-content\/uploads\/2026\/09\/DSC04295-scaled.jpg","contentUrl":"https:\/\/lfh.edu.gr\/wordpress\/wp-content\/uploads\/2026\/09\/DSC04295-scaled.jpg","width":2560,"height":1707},{"@type":"BreadcrumbList","@id":"https:\/\/lfh.edu.gr\/blog\/le-lfhed-accueille-ses-nouveaux-eleves\/#breadcrumb","itemListElement":[{"@type":"ListItem","position":1,"name":"Accueil","item":"https:\/\/lfh.edu.gr\/"},{"@type":"ListItem","position":2,"name":"Le LFHED accueille ses nouveaux \u00e9l\u00e8ves\u00a0!"}]},{"@type":"WebSite","@id":"https:\/\/lfh.edu.gr\/#website","url":"https:\/\/lfh.edu.gr\/","name":"Lyc\u00e9e Franco-Hell\u00e9nique Eug\u00e8ne Delacroix","description":"","potentialAction":[{"@type":"SearchAction","target":{"@type":"EntryPoint","urlTemplate":"https:\/\/lfh.edu.gr\/?s={search_term_string}"},"query-input":{"@type":"PropertyValueSpecification","valueRequired":true,"valueName":"search_term_string"}}],"inLanguage":"el"},{"@type":"Person","@id":"https:\/\/lfh.edu.gr\/#\/schema\/person\/b21946bef61d17e2181414c787ece2a1","name":"Alexandre","image":{"@type":"ImageObject","inLanguage":"el","@id":"https:\/\/secure.gravatar.com\/avatar\/cf0f57bf0c764649583d3c58f343ed6e6b2516e7224dbf4e779aed94f0c44c44?s=96&d=mm&r=g","url":"https:\/\/secure.gravatar.com\/avatar\/cf0f57bf0c764649583d3c58f343ed6e6b2516e7224dbf4e779aed94f0c44c44?s=96&d=mm&r=g","contentUrl":"https:\/\/secure.gravatar.com\/avatar\/cf0f57bf0c764649583d3c58f343ed6e6b2516e7224dbf4e779aed94f0c44c44?s=96&d=mm&r=g","caption":"Alexandre"},"url":"https:\/\/lfh.edu.gr\/el\/blog\/author\/atsipouridis\/"}]}},"jetpack_featured_media_url":"https:\/\/lfh.edu.gr\/wordpress\/wp-content\/uploads\/2026\/09\/DSC04295-scaled.jpg","jetpack_sharing_enabled":true,"_links":{"self":[{"href":"https:\/\/lfh.edu.gr\/el\/wp-json\/wp\/v2\/posts\/4764","targetHints":{"allow":["GET"]}}],"collection":[{"href":"https:\/\/lfh.edu.gr\/el\/wp-json\/wp\/v2\/posts"}],"about":[{"href":"https:\/\/lfh.edu.gr\/el\/wp-json\/wp\/v2\/types\/post"}],"author":[{"embeddable":true,"href":"https:\/\/lfh.edu.gr\/el\/wp-json\/wp\/v2\/users\/5"}],"replies":[{"embeddable":true,"href":"https:\/\/lfh.edu.gr\/el\/wp-json\/wp\/v2\/comments?post=4764"}],"version-history":[{"count":1,"href":"https:\/\/lfh.edu.gr\/el\/wp-json\/wp\/v2\/posts\/4764\/revisions"}],"predecessor-version":[{"id":4769,"href":"https:\/\/lfh.edu.gr\/el\/wp-json\/wp\/v2\/posts\/4764\/revisions\/4769"}],"wp:featuredmedia":[{"embeddable":true,"href":"https:\/\/lfh.edu.gr\/el\/wp-json\/wp\/v2\/media\/4766"}],"wp:attachment":[{"href":"https:\/\/lfh.edu.gr\/el\/wp-json\/wp\/v2\/media?parent=4764"}],"wp:term":[{"taxonomy":"category","embeddable":true,"href":"https:\/\/lfh.edu.gr\/el\/wp-json\/wp\/v2\/categories?post=4764"},{"taxonomy":"post_tag","embeddable":true,"href":"https:\/\/lfh.edu.gr\/el\/wp-json\/wp\/v2\/tags?post=4764"}],"curies":[{"name":"wp","href":"https:\/\/api.w.org\/{rel}","templated":true}]}}