{"id":3053,"date":"2026-04-30T07:17:43","date_gmt":"2026-04-30T05:17:43","guid":{"rendered":"https:\/\/lfh.edu.gr\/?p=3053"},"modified":"2026-04-30T07:21:15","modified_gmt":"2026-04-30T05:21:15","slug":"festival-du-film-francophone-2026","status":"publish","type":"post","link":"https:\/\/lfh.edu.gr\/el\/blog\/festival-du-film-francophone-2026\/","title":{"rendered":"Festival du Film Francophone 2026"},"content":{"rendered":"<p>Cette ann\u00e9e, nous avons eu la chance de participer au Festival du film francophone, qui a rencontr\u00e9 un grand succ\u00e8s. Ce fut une exp\u00e9rience tr\u00e8s enrichissante et pleine de d\u00e9couvertes. Nous avons vu une grande vari\u00e9t\u00e9 de films magnifiques et int\u00e9ressants, venus de diff\u00e9rents pays francophones, qui nous ont touch\u00e9s et nous ont permis de d\u00e9couvrir de nouvelles cultures et perspectives.<\/p>\n\n\n\n<p>Nous avons \u00e9galement r\u00e9alis\u00e9 des interviews de r\u00e9alisateurs, d\u2019acteurs et de spectateurs. En parall\u00e8le, nous avons pris part \u00e0 des moments festifs : soir\u00e9es anim\u00e9es, danses et photos prises tout au long des \u00e9v\u00e9nements. Ce sont des souvenirs que nous garderons longtemps.<\/p>\n\n\n\n<p>Le festival proposait aussi de nombreuses activit\u00e9s. Apr\u00e8s certaines projections, des discussions avec les r\u00e9alisateurs et les acteurs \u00e9taient organis\u00e9es. Ces \u00e9changes nous ont permis de mieux comprendre les \u0153uvres et de poser nos questions. Des rencontres et des tables rondes autour du cin\u00e9ma et de la culture francophone nous ont \u00e9galement permis d\u2019approfondir notre r\u00e9flexion et de d\u00e9couvrir le travail des artistes.<\/p>\n\n\n\n<p>Enfin, l\u2019ambiance conviviale et chaleureuse du festival, \u00e0 travers les soir\u00e9es et les \u00e9v\u00e9nements festifs entre les projections, favorisait les rencontres et les \u00e9changes entre passionn\u00e9s de cin\u00e9ma. Il y avait aussi diff\u00e9rentes sections th\u00e9matiques avec des films parfois inattendus, ce qui rendait l\u2019exp\u00e9rience encore plus riche et int\u00e9ressante.<\/p>\n\n\n\n<p>Au final, ce festival nous a offert bien plus que des films : une v\u00e9ritable immersion culturelle et une exp\u00e9rience inoubliable, pleine d\u2019\u00e9motions.<\/p>\n\n\n\n<p><em>Les \u00e9l\u00e8ves de la section hell\u00e9nique&nbsp;: L\u00e9onie Tsekou, Maya Pa\u00efkou, Katerina Bougiouri, Iris Papantakou, Dana\u00e9 Kaloudi, Klelia Galeou, Zo\u00e9 Kardoulaki, Baka Fotini (<\/em><em>\u0394<\/em><em>3) et Eugenia Baxevanaki (E1)<\/em><\/p>\n\n\n\n<figure class=\"wp-block-embed is-type-video is-provider-vimeo wp-block-embed-vimeo wp-embed-aspect-16-9 wp-has-aspect-ratio\"><div class=\"wp-block-embed__wrapper\">\n<iframe loading=\"lazy\" src=\"https:\/\/player.vimeo.com\/video\/1187273133?dnt=1&amp;app_id=122963\" width=\"500\" height=\"281\" frameborder=\"0\" allow=\"autoplay; fullscreen; picture-in-picture; clipboard-write; encrypted-media; web-share\" referrerpolicy=\"strict-origin-when-cross-origin\"><\/iframe>\n<\/div><\/figure>","protected":false},"excerpt":{"rendered":"<p>Cette ann\u00e9e, nous avons eu la chance de participer au Festival du film francophone, qui a rencontr\u00e9 un grand succ\u00e8s. Ce fut une exp\u00e9rience tr\u00e8s enrichissante et pleine de d\u00e9couvertes. Nous avons vu une grande vari\u00e9t\u00e9 de films magnifiques et int\u00e9ressants, venus de diff\u00e9rents pays francophones, qui nous ont touch\u00e9s et nous ont permis de [&hellip;]<\/p>","protected":false},"author":5,"featured_media":3057,"comment_status":"open","ping_status":"closed","sticky":false,"template":"","format":"standard","meta":{"inline_featured_image":false,"_breakdance_hide_in_design_set":false,"_breakdance_tags":"","_jetpack_memberships_contains_paid_content":false,"footnotes":""},"categories":[7],"tags":[],"class_list":["post-3053","post","type-post","status-publish","format-standard","has-post-thumbnail","hentry","category-evenements-du-lfhed"],"yoast_head":"<!-- This site is optimized with the Yoast SEO plugin v24.4 - https:\/\/yoast.com\/wordpress\/plugins\/seo\/ -->\n<title>Festival du Film Francophone 2026 - Lyc\u00e9e Franco-Hell\u00e9nique Eug\u00e8ne Delacroix<\/title>\n<meta name=\"description\" content=\"Lisez l&#039;article et d\u00e9couvrez toute l&#039;actualit\u00e9 du Lyc\u00e9e Franco-Hell\u00e9nique Eug\u00e8ne Delacroix \u00e0 Ath\u00e8nes (LFHED).\" \/>\n<meta name=\"robots\" content=\"index, follow, max-snippet:-1, max-image-preview:large, max-video-preview:-1\" \/>\n<link rel=\"canonical\" href=\"https:\/\/lfh.edu.gr\/el\/blog\/festival-du-film-francophone-2026\/\" \/>\n<meta property=\"og:locale\" content=\"el_GR\" \/>\n<meta property=\"og:type\" content=\"article\" \/>\n<meta property=\"og:title\" content=\"Festival du Film Francophone 2026 - Lyc\u00e9e Franco-Hell\u00e9nique Eug\u00e8ne Delacroix\" \/>\n<meta property=\"og:description\" content=\"Lisez l&#039;article et d\u00e9couvrez toute l&#039;actualit\u00e9 du Lyc\u00e9e Franco-Hell\u00e9nique Eug\u00e8ne Delacroix \u00e0 Ath\u00e8nes (LFHED).\" \/>\n<meta property=\"og:url\" content=\"https:\/\/lfh.edu.gr\/el\/blog\/festival-du-film-francophone-2026\/\" \/>\n<meta property=\"og:site_name\" content=\"Lyc\u00e9e Franco-Hell\u00e9nique Eug\u00e8ne Delacroix\" \/>\n<meta property=\"article:published_time\" content=\"2026-04-30T05:17:43+00:00\" \/>\n<meta property=\"article:modified_time\" content=\"2026-04-30T05:21:15+00:00\" \/>\n<meta property=\"og:image\" content=\"https:\/\/lfh.edu.gr\/wordpress\/wp-content\/uploads\/2026\/04\/kj.png\" \/>\n\t<meta property=\"og:image:width\" content=\"940\" \/>\n\t<meta property=\"og:image:height\" content=\"707\" \/>\n\t<meta property=\"og:image:type\" content=\"image\/png\" \/>\n<meta name=\"author\" content=\"Alexandre\" \/>\n<meta name=\"twitter:card\" content=\"summary_large_image\" \/>\n<meta name=\"twitter:label1\" content=\"\u03a3\u03c5\u03bd\u03c4\u03ac\u03c7\u03b8\u03b7\u03ba\u03b5 \u03b1\u03c0\u03cc\" \/>\n\t<meta name=\"twitter:data1\" content=\"Alexandre\" \/>\n\t<meta name=\"twitter:label2\" content=\"\u0395\u03ba\u03c4\u03b9\u03bc\u03ce\u03bc\u03b5\u03bd\u03bf\u03c2 \u03c7\u03c1\u03cc\u03bd\u03bf\u03c2 \u03b1\u03bd\u03ac\u03b3\u03bd\u03c9\u03c3\u03b7\u03c2\" \/>\n\t<meta name=\"twitter:data2\" content=\"2 \u03bb\u03b5\u03c0\u03c4\u03ac\" \/>\n<script type=\"application\/ld+json\" class=\"yoast-schema-graph\">{\"@context\":\"https:\/\/schema.org\",\"@graph\":[{\"@type\":\"WebPage\",\"@id\":\"https:\/\/lfh.edu.gr\/blog\/festival-du-film-francophone-2026\/\",\"url\":\"https:\/\/lfh.edu.gr\/blog\/festival-du-film-francophone-2026\/\",\"name\":\"Festival du Film Francophone 2026 - Lyc\u00e9e Franco-Hell\u00e9nique Eug\u00e8ne Delacroix\",\"isPartOf\":{\"@id\":\"https:\/\/lfh.edu.gr\/#website\"},\"primaryImageOfPage\":{\"@id\":\"https:\/\/lfh.edu.gr\/blog\/festival-du-film-francophone-2026\/#primaryimage\"},\"image\":{\"@id\":\"https:\/\/lfh.edu.gr\/blog\/festival-du-film-francophone-2026\/#primaryimage\"},\"thumbnailUrl\":\"https:\/\/lfh.edu.gr\/wordpress\/wp-content\/uploads\/2026\/04\/kj.png\",\"datePublished\":\"2026-04-30T05:17:43+00:00\",\"dateModified\":\"2026-04-30T05:21:15+00:00\",\"author\":{\"@id\":\"https:\/\/lfh.edu.gr\/#\/schema\/person\/b21946bef61d17e2181414c787ece2a1\"},\"description\":\"Lisez l'article et d\u00e9couvrez toute l'actualit\u00e9 du Lyc\u00e9e Franco-Hell\u00e9nique Eug\u00e8ne Delacroix \u00e0 Ath\u00e8nes (LFHED).\",\"breadcrumb\":{\"@id\":\"https:\/\/lfh.edu.gr\/blog\/festival-du-film-francophone-2026\/#breadcrumb\"},\"inLanguage\":\"el\",\"potentialAction\":[{\"@type\":\"ReadAction\",\"target\":[\"https:\/\/lfh.edu.gr\/blog\/festival-du-film-francophone-2026\/\"]}]},{\"@type\":\"ImageObject\",\"inLanguage\":\"el\",\"@id\":\"https:\/\/lfh.edu.gr\/blog\/festival-du-film-francophone-2026\/#primaryimage\",\"url\":\"https:\/\/lfh.edu.gr\/wordpress\/wp-content\/uploads\/2026\/04\/kj.png\",\"contentUrl\":\"https:\/\/lfh.edu.gr\/wordpress\/wp-content\/uploads\/2026\/04\/kj.png\",\"width\":940,\"height\":707},{\"@type\":\"BreadcrumbList\",\"@id\":\"https:\/\/lfh.edu.gr\/blog\/festival-du-film-francophone-2026\/#breadcrumb\",\"itemListElement\":[{\"@type\":\"ListItem\",\"position\":1,\"name\":\"Accueil\",\"item\":\"https:\/\/lfh.edu.gr\/\"},{\"@type\":\"ListItem\",\"position\":2,\"name\":\"Festival du Film Francophone 2026\"}]},{\"@type\":\"WebSite\",\"@id\":\"https:\/\/lfh.edu.gr\/#website\",\"url\":\"https:\/\/lfh.edu.gr\/\",\"name\":\"Lyc\u00e9e Franco-Hell\u00e9nique Eug\u00e8ne Delacroix\",\"description\":\"\",\"potentialAction\":[{\"@type\":\"SearchAction\",\"target\":{\"@type\":\"EntryPoint\",\"urlTemplate\":\"https:\/\/lfh.edu.gr\/?s={search_term_string}\"},\"query-input\":{\"@type\":\"PropertyValueSpecification\",\"valueRequired\":true,\"valueName\":\"search_term_string\"}}],\"inLanguage\":\"el\"},{\"@type\":\"Person\",\"@id\":\"https:\/\/lfh.edu.gr\/#\/schema\/person\/b21946bef61d17e2181414c787ece2a1\",\"name\":\"Alexandre\",\"image\":{\"@type\":\"ImageObject\",\"inLanguage\":\"el\",\"@id\":\"https:\/\/lfh.edu.gr\/#\/schema\/person\/image\/\",\"url\":\"https:\/\/secure.gravatar.com\/avatar\/cf0f57bf0c764649583d3c58f343ed6e6b2516e7224dbf4e779aed94f0c44c44?s=96&d=mm&r=g\",\"contentUrl\":\"https:\/\/secure.gravatar.com\/avatar\/cf0f57bf0c764649583d3c58f343ed6e6b2516e7224dbf4e779aed94f0c44c44?s=96&d=mm&r=g\",\"caption\":\"Alexandre\"},\"url\":\"https:\/\/lfh.edu.gr\/el\/blog\/author\/atsipouridis\/\"}]}<\/script>\n<!-- \/ Yoast SEO plugin. -->","yoast_head_json":{"title":"Festival du Film Francophone 2026 - Lyc\u00e9e Franco-Hell\u00e9nique Eug\u00e8ne Delacroix","description":"\u0394\u03b9\u03b1\u03b2\u03ac\u03c3\u03c4\u03b5 \u03c4\u03bf \u03ac\u03c1\u03b8\u03c1\u03bf \u03ba\u03b1\u03b9 \u03bc\u03ac\u03b8\u03b5\u03c4\u03b5 \u03cc\u03bb\u03b1 \u03c4\u03b1 \u03c4\u03b5\u03bb\u03b5\u03c5\u03c4\u03b1\u03af\u03b1 \u03bd\u03ad\u03b1 \u03b1\u03c0\u03cc \u03c4\u03bf \u039b\u03cd\u03ba\u03b5\u03b9\u03bf \u0393\u03b1\u03bb\u03bb\u03bf\u03b5\u03bb\u03bb\u03b7\u03bd\u03b9\u03ba\u03bf\u03cd \u0395\u03c5\u03b3\u03ad\u03bd\u03b9\u03bf\u03c5 \u039d\u03c4\u03b5\u03bb\u03b1\u03ba\u03c1\u03bf\u03c5\u03ac \u03c3\u03c4\u03b7\u03bd \u0391\u03b8\u03ae\u03bd\u03b1 (LFHED).","robots":{"index":"index","follow":"follow","max-snippet":"max-snippet:-1","max-image-preview":"max-image-preview:large","max-video-preview":"max-video-preview:-1"},"canonical":"https:\/\/lfh.edu.gr\/el\/blog\/festival-du-film-francophone-2026\/","og_locale":"el_GR","og_type":"article","og_title":"Festival du Film Francophone 2026 - Lyc\u00e9e Franco-Hell\u00e9nique Eug\u00e8ne Delacroix","og_description":"Lisez l'article et d\u00e9couvrez toute l'actualit\u00e9 du Lyc\u00e9e Franco-Hell\u00e9nique Eug\u00e8ne Delacroix \u00e0 Ath\u00e8nes (LFHED).","og_url":"https:\/\/lfh.edu.gr\/el\/blog\/festival-du-film-francophone-2026\/","og_site_name":"Lyc\u00e9e Franco-Hell\u00e9nique Eug\u00e8ne Delacroix","article_published_time":"2026-04-30T05:17:43+00:00","article_modified_time":"2026-04-30T05:21:15+00:00","og_image":[{"width":940,"height":707,"url":"https:\/\/lfh.edu.gr\/wordpress\/wp-content\/uploads\/2026\/04\/kj.png","type":"image\/png"}],"author":"Alexandre","twitter_card":"summary_large_image","twitter_misc":{"\u03a3\u03c5\u03bd\u03c4\u03ac\u03c7\u03b8\u03b7\u03ba\u03b5 \u03b1\u03c0\u03cc":"Alexandre","\u0395\u03ba\u03c4\u03b9\u03bc\u03ce\u03bc\u03b5\u03bd\u03bf\u03c2 \u03c7\u03c1\u03cc\u03bd\u03bf\u03c2 \u03b1\u03bd\u03ac\u03b3\u03bd\u03c9\u03c3\u03b7\u03c2":"2 \u03bb\u03b5\u03c0\u03c4\u03ac"},"schema":{"@context":"https:\/\/schema.org","@graph":[{"@type":"WebPage","@id":"https:\/\/lfh.edu.gr\/blog\/festival-du-film-francophone-2026\/","url":"https:\/\/lfh.edu.gr\/blog\/festival-du-film-francophone-2026\/","name":"Festival du Film Francophone 2026 - Lyc\u00e9e Franco-Hell\u00e9nique Eug\u00e8ne Delacroix","isPartOf":{"@id":"https:\/\/lfh.edu.gr\/#website"},"primaryImageOfPage":{"@id":"https:\/\/lfh.edu.gr\/blog\/festival-du-film-francophone-2026\/#primaryimage"},"image":{"@id":"https:\/\/lfh.edu.gr\/blog\/festival-du-film-francophone-2026\/#primaryimage"},"thumbnailUrl":"https:\/\/lfh.edu.gr\/wordpress\/wp-content\/uploads\/2026\/04\/kj.png","datePublished":"2026-04-30T05:17:43+00:00","dateModified":"2026-04-30T05:21:15+00:00","author":{"@id":"https:\/\/lfh.edu.gr\/#\/schema\/person\/b21946bef61d17e2181414c787ece2a1"},"description":"\u0394\u03b9\u03b1\u03b2\u03ac\u03c3\u03c4\u03b5 \u03c4\u03bf \u03ac\u03c1\u03b8\u03c1\u03bf \u03ba\u03b1\u03b9 \u03bc\u03ac\u03b8\u03b5\u03c4\u03b5 \u03cc\u03bb\u03b1 \u03c4\u03b1 \u03c4\u03b5\u03bb\u03b5\u03c5\u03c4\u03b1\u03af\u03b1 \u03bd\u03ad\u03b1 \u03b1\u03c0\u03cc \u03c4\u03bf \u039b\u03cd\u03ba\u03b5\u03b9\u03bf \u0393\u03b1\u03bb\u03bb\u03bf\u03b5\u03bb\u03bb\u03b7\u03bd\u03b9\u03ba\u03bf\u03cd \u0395\u03c5\u03b3\u03ad\u03bd\u03b9\u03bf\u03c5 \u039d\u03c4\u03b5\u03bb\u03b1\u03ba\u03c1\u03bf\u03c5\u03ac \u03c3\u03c4\u03b7\u03bd \u0391\u03b8\u03ae\u03bd\u03b1 (LFHED).","breadcrumb":{"@id":"https:\/\/lfh.edu.gr\/blog\/festival-du-film-francophone-2026\/#breadcrumb"},"inLanguage":"el","potentialAction":[{"@type":"ReadAction","target":["https:\/\/lfh.edu.gr\/blog\/festival-du-film-francophone-2026\/"]}]},{"@type":"ImageObject","inLanguage":"el","@id":"https:\/\/lfh.edu.gr\/blog\/festival-du-film-francophone-2026\/#primaryimage","url":"https:\/\/lfh.edu.gr\/wordpress\/wp-content\/uploads\/2026\/04\/kj.png","contentUrl":"https:\/\/lfh.edu.gr\/wordpress\/wp-content\/uploads\/2026\/04\/kj.png","width":940,"height":707},{"@type":"BreadcrumbList","@id":"https:\/\/lfh.edu.gr\/blog\/festival-du-film-francophone-2026\/#breadcrumb","itemListElement":[{"@type":"ListItem","position":1,"name":"Accueil","item":"https:\/\/lfh.edu.gr\/"},{"@type":"ListItem","position":2,"name":"Festival du Film Francophone 2026"}]},{"@type":"WebSite","@id":"https:\/\/lfh.edu.gr\/#website","url":"https:\/\/lfh.edu.gr\/","name":"Lyc\u00e9e Franco-Hell\u00e9nique Eug\u00e8ne Delacroix","description":"","potentialAction":[{"@type":"SearchAction","target":{"@type":"EntryPoint","urlTemplate":"https:\/\/lfh.edu.gr\/?s={search_term_string}"},"query-input":{"@type":"PropertyValueSpecification","valueRequired":true,"valueName":"search_term_string"}}],"inLanguage":"el"},{"@type":"Person","@id":"https:\/\/lfh.edu.gr\/#\/schema\/person\/b21946bef61d17e2181414c787ece2a1","name":"Alexandre","image":{"@type":"ImageObject","inLanguage":"el","@id":"https:\/\/lfh.edu.gr\/#\/schema\/person\/image\/","url":"https:\/\/secure.gravatar.com\/avatar\/cf0f57bf0c764649583d3c58f343ed6e6b2516e7224dbf4e779aed94f0c44c44?s=96&d=mm&r=g","contentUrl":"https:\/\/secure.gravatar.com\/avatar\/cf0f57bf0c764649583d3c58f343ed6e6b2516e7224dbf4e779aed94f0c44c44?s=96&d=mm&r=g","caption":"Alexandre"},"url":"https:\/\/lfh.edu.gr\/el\/blog\/author\/atsipouridis\/"}]}},"jetpack_featured_media_url":"https:\/\/lfh.edu.gr\/wordpress\/wp-content\/uploads\/2026\/04\/kj.png","jetpack_sharing_enabled":true,"_links":{"self":[{"href":"https:\/\/lfh.edu.gr\/el\/wp-json\/wp\/v2\/posts\/3053","targetHints":{"allow":["GET"]}}],"collection":[{"href":"https:\/\/lfh.edu.gr\/el\/wp-json\/wp\/v2\/posts"}],"about":[{"href":"https:\/\/lfh.edu.gr\/el\/wp-json\/wp\/v2\/types\/post"}],"author":[{"embeddable":true,"href":"https:\/\/lfh.edu.gr\/el\/wp-json\/wp\/v2\/users\/5"}],"replies":[{"embeddable":true,"href":"https:\/\/lfh.edu.gr\/el\/wp-json\/wp\/v2\/comments?post=3053"}],"version-history":[{"count":3,"href":"https:\/\/lfh.edu.gr\/el\/wp-json\/wp\/v2\/posts\/3053\/revisions"}],"predecessor-version":[{"id":3065,"href":"https:\/\/lfh.edu.gr\/el\/wp-json\/wp\/v2\/posts\/3053\/revisions\/3065"}],"wp:featuredmedia":[{"embeddable":true,"href":"https:\/\/lfh.edu.gr\/el\/wp-json\/wp\/v2\/media\/3057"}],"wp:attachment":[{"href":"https:\/\/lfh.edu.gr\/el\/wp-json\/wp\/v2\/media?parent=3053"}],"wp:term":[{"taxonomy":"category","embeddable":true,"href":"https:\/\/lfh.edu.gr\/el\/wp-json\/wp\/v2\/categories?post=3053"},{"taxonomy":"post_tag","embeddable":true,"href":"https:\/\/lfh.edu.gr\/el\/wp-json\/wp\/v2\/tags?post=3053"}],"curies":[{"name":"wp","href":"https:\/\/api.w.org\/{rel}","templated":true}]}}