{"id":3035,"date":"2026-04-28T10:05:13","date_gmt":"2026-04-28T08:05:13","guid":{"rendered":"https:\/\/lfh.edu.gr\/?p=3035"},"modified":"2026-04-28T10:05:13","modified_gmt":"2026-04-28T08:05:13","slug":"les-eleves-da-du-college-en-visite-a-lecole-de-sourds","status":"publish","type":"post","link":"https:\/\/lfh.edu.gr\/el\/blog\/les-eleves-da-du-college-en-visite-a-lecole-de-sourds\/","title":{"rendered":"\u0397 \u0391\u2019 \u03c4\u03ac\u03be\u03b7 \u03c4\u03bf\u03c5 \u03b3\u03c5\u03bc\u03bd\u03b1\u03c3\u03af\u03bf\u03c5 \u03c3\u03c4\u03bf \u03c3\u03c7\u03bf\u03bb\u03b5\u03af\u03bf \u03ba\u03c9\u03c6\u03ce\u03bd"},"content":{"rendered":"<p>\u03a3\u03c4\u03bf \u03c0\u03bb\u03b1\u03af\u03c3\u03b9\u03bf \u03c4\u03b7\u03c2 \u03ba\u03bf\u03b9\u03bd\u03c9\u03bd\u03b9\u03ba\u03ae\u03c2 \u03b5\u03c5\u03b1\u03b9\u03c3\u03b8\u03b7\u03c4\u03bf\u03c0\u03bf\u03af\u03b7\u03c3\u03b7\u03c2, \u03bf\u03b9 \u03bc\u03b1\u03b8\u03b7\u03c4\u03ad\u03c2 \u03c4\u03b7\u03c2 \u0391\u0384\u0393\u03c5\u03bc\u03bd\u03b1\u03c3\u03af\u03bf\u03c5 \u03c4\u03bf\u03c5 \u03b5\u03bb\u03bb\u03b7\u03bd\u03b9\u03ba\u03bf\u03cd \u03c4\u03bc\u03ae\u03bc\u03b1\u03c4\u03bf\u03c2, \u03b5\u03c0\u03b9\u03c3\u03ba\u03ad\u03c6\u03b8\u03b7\u03ba\u03b1\u03bd \u03c4\u03bf \u03b5\u03b9\u03b4\u03b9\u03ba\u03cc \u03c3\u03c7\u03bf\u03bb\u03b5\u03af\u03bf \u039a\u03c9\u03c6\u03ce\u03bd \u03c3\u03c4\u03b7\u03bd \u0391\u03c1\u03b3\u03c5\u03c1\u03bf\u03cd\u03c0\u03bf\u03bb\u03b7.<\/p>\n<p>\u039f\u03b9 \u03bc\u03b1\u03b8\u03b7\u03c4\u03ad\u03c2  \u03b1\u03bb\u03bb\u03b7\u03bb\u03bf\u03b5\u03c0\u03af\u03b4\u03c1\u03b1\u03c3\u03b1\u03bd \u03ba\u03b1\u03b9 \u03c3\u03c5\u03bd\u03b5\u03c1\u03b3\u03ac\u03c3\u03c4\u03b7\u03ba\u03b1\u03bd \u03c3\u03b5 \u03ad\u03bd\u03b1 \u03c0\u03c1\u03cc\u03b3\u03c1\u03b1\u03bc\u03bc\u03b1 \u03b4\u03c1\u03ac\u03c3\u03b5\u03c9\u03bd (\u03ba\u03b1\u03bb\u03bb\u03b9\u03c4\u03b5\u03c7\u03bd\u03b9\u03ba\u03ce\u03bd, \u03b1\u03b8\u03bb\u03b7\u03c4\u03b9\u03ba\u03ce\u03bd \u03ba\u03b1\u03b9 \u03c0\u03b1\u03b9\u03b4\u03b1\u03b3\u03c9\u03b3\u03b9\u03ba\u03ce\u03bd), \u03b5\u03bd\u03b7\u03bc\u03b5\u03c1\u03ce\u03b8\u03b7\u03ba\u03b1\u03bd \u03b1\u03c0\u03cc \u03c4\u03bf\u03c5\u03c2 \u03c5\u03c0\u03b5\u03cd\u03b8\u03c5\u03bd\u03bf\u03c5\u03c2 \u03c4\u03bf\u03c5 \u039a\u03ad\u03bd\u03c4\u03c1\u03bf\u03c5 \u039d\u03bf\u03b7\u03bc\u03b1\u03c4\u03b9\u03ba\u03ae\u03c2 \u03b3\u03b9\u03b1 \u03c4\u03b7\u03bd \u03bd\u03bf\u03b7\u03bc\u03b1\u03c4\u03b9\u03ba\u03ae \u03b3\u03bb\u03ce\u03c3\u03c3\u03b1, \u03b5\u03bd\u03ce \u03b7 \u03c5\u03c0\u03b5\u03cd\u03b8\u03c5\u03bd\u03b7 \u03c4\u03bf\u03c5 \u03c3\u03c9\u03bc\u03b1\u03c4\u03b5\u03af\u03bf\u03c5 \u039a\u03c9\u03c6\u03ce\u03bd \u03c3\u03c4\u03b7\u03bd \u0391\u03b8\u03ae\u03bd\u03b1 \u03c4\u03bf\u03c5\u03c2 \u03b5\u03bd\u03b7\u03bc\u03ad\u03c1\u03c9\u03c3\u03b5 \u03b3\u03b9\u03b1 \u03c4\u03b1 \u03b5\u03bc\u03c0\u03cc\u03b4\u03b9\u03b1 \u03ba\u03b1\u03b9 \u03c4\u03b1 \u03c0\u03c1\u03bf\u03b2\u03bb\u03ae\u03bc\u03b1\u03c4\u03b1 \u03c0\u03bf\u03c5 \u03b1\u03bd\u03c4\u03b9\u03bc\u03b5\u03c4\u03c9\u03c0\u03af\u03b6\u03bf\u03c5\u03bd \u03bf\u03b9 \u03ba\u03c9\u03c6\u03bf\u03af, \u03c4\u03bf \u03b8\u03ad\u03bc\u03b1 \u03c4\u03b7\u03c2 \u03c0\u03c1\u03bf\u03c3\u03b2\u03b1\u03c3\u03b9\u03bc\u03cc\u03c4\u03b7\u03c4\u03b1\u03c2 \u03ba\u03b1\u03b9 \u03c4\u03bf\u03bd \u03ba\u03bf\u03b9\u03bd\u03c9\u03bd\u03b9\u03ba\u03cc \u03c1\u03b1\u03c4\u03c3\u03b9\u03c3\u03bc\u03cc.  \u0391\u03ba\u03bf\u03bb\u03bf\u03cd\u03b8\u03b7\u03c3\u03b5  \u03c3\u03c5\u03b6\u03ae\u03c4\u03b7\u03c3\u03b7 \u03ba\u03b1\u03b9 \u03b5\u03c1\u03c9\u03c4\u03ae\u03c3\u03b5\u03b9\u03c2 \u03c4\u03c9\u03bd \u03bc\u03b1\u03b8\u03b7\u03c4\u03ce\u03bd.<\/p>","protected":false},"excerpt":{"rendered":"<p>Dans le cadre de la sensibilisation sociale, les \u00e9l\u00e8ves d\u2019A\u2019 du coll\u00e8ge de la section hell\u00e9nique ont visit\u00e9 l\u2019\u00e9cole sp\u00e9cialis\u00e9e pour sourds d\u2019Ath\u00e8nes \u00e0 Argyroupoli. Ils ont particip\u00e9 \u00e0 un programme d\u2019activit\u00e9s artistiques, sportives et p\u00e9dagogiques, et ont \u00e9t\u00e9 inform\u00e9s par les responsables du Centre de langue des signes sur cette langue. La responsable de [&hellip;]<\/p>","protected":false},"author":5,"featured_media":3036,"comment_status":"open","ping_status":"closed","sticky":false,"template":"","format":"standard","meta":{"inline_featured_image":false,"_breakdance_hide_in_design_set":false,"_breakdance_tags":"","_jetpack_memberships_contains_paid_content":false,"footnotes":""},"categories":[11],"tags":[],"class_list":["post-3035","post","type-post","status-publish","format-standard","has-post-thumbnail","hentry","category-secondaire-hellenique"],"yoast_head":"<!-- This site is optimized with the Yoast SEO plugin v24.4 - https:\/\/yoast.com\/wordpress\/plugins\/seo\/ -->\n<title>Les \u00e9l\u00e8ves d\u2019A du coll\u00e8ge en visite \u00e0 l\u2019\u00e9cole de sourds - Lyc\u00e9e Franco-Hell\u00e9nique Eug\u00e8ne Delacroix<\/title>\n<meta name=\"description\" content=\"Lisez l&#039;article et d\u00e9couvrez toute l&#039;actualit\u00e9 du Lyc\u00e9e Franco-Hell\u00e9nique Eug\u00e8ne Delacroix \u00e0 Ath\u00e8nes (LFHED).\" \/>\n<meta name=\"robots\" content=\"index, follow, max-snippet:-1, max-image-preview:large, max-video-preview:-1\" \/>\n<link rel=\"canonical\" href=\"https:\/\/lfh.edu.gr\/el\/blog\/les-eleves-da-du-college-en-visite-a-lecole-de-sourds\/\" \/>\n<meta property=\"og:locale\" content=\"el_GR\" \/>\n<meta property=\"og:type\" content=\"article\" \/>\n<meta property=\"og:title\" content=\"Les \u00e9l\u00e8ves d\u2019A du coll\u00e8ge en visite \u00e0 l\u2019\u00e9cole de sourds - Lyc\u00e9e Franco-Hell\u00e9nique Eug\u00e8ne Delacroix\" \/>\n<meta property=\"og:description\" content=\"Lisez l&#039;article et d\u00e9couvrez toute l&#039;actualit\u00e9 du Lyc\u00e9e Franco-Hell\u00e9nique Eug\u00e8ne Delacroix \u00e0 Ath\u00e8nes (LFHED).\" \/>\n<meta property=\"og:url\" content=\"https:\/\/lfh.edu.gr\/el\/blog\/les-eleves-da-du-college-en-visite-a-lecole-de-sourds\/\" \/>\n<meta property=\"og:site_name\" content=\"Lyc\u00e9e Franco-Hell\u00e9nique Eug\u00e8ne Delacroix\" \/>\n<meta property=\"article:published_time\" content=\"2026-04-28T08:05:13+00:00\" \/>\n<meta name=\"author\" content=\"Alexandre\" \/>\n<meta name=\"twitter:card\" content=\"summary_large_image\" \/>\n<meta name=\"twitter:label1\" content=\"\u03a3\u03c5\u03bd\u03c4\u03ac\u03c7\u03b8\u03b7\u03ba\u03b5 \u03b1\u03c0\u03cc\" \/>\n\t<meta name=\"twitter:data1\" content=\"Alexandre\" \/>\n\t<meta name=\"twitter:label2\" content=\"\u0395\u03ba\u03c4\u03b9\u03bc\u03ce\u03bc\u03b5\u03bd\u03bf\u03c2 \u03c7\u03c1\u03cc\u03bd\u03bf\u03c2 \u03b1\u03bd\u03ac\u03b3\u03bd\u03c9\u03c3\u03b7\u03c2\" \/>\n\t<meta name=\"twitter:data2\" content=\"1 \u03bb\u03b5\u03c0\u03c4\u03cc\" \/>\n<script type=\"application\/ld+json\" class=\"yoast-schema-graph\">{\"@context\":\"https:\/\/schema.org\",\"@graph\":[{\"@type\":\"WebPage\",\"@id\":\"https:\/\/lfh.edu.gr\/blog\/les-eleves-da-du-college-en-visite-a-lecole-de-sourds\/\",\"url\":\"https:\/\/lfh.edu.gr\/blog\/les-eleves-da-du-college-en-visite-a-lecole-de-sourds\/\",\"name\":\"Les \u00e9l\u00e8ves d\u2019A du coll\u00e8ge en visite \u00e0 l\u2019\u00e9cole de sourds - Lyc\u00e9e Franco-Hell\u00e9nique Eug\u00e8ne Delacroix\",\"isPartOf\":{\"@id\":\"https:\/\/lfh.edu.gr\/#website\"},\"primaryImageOfPage\":{\"@id\":\"https:\/\/lfh.edu.gr\/blog\/les-eleves-da-du-college-en-visite-a-lecole-de-sourds\/#primaryimage\"},\"image\":{\"@id\":\"https:\/\/lfh.edu.gr\/blog\/les-eleves-da-du-college-en-visite-a-lecole-de-sourds\/#primaryimage\"},\"thumbnailUrl\":\"https:\/\/lfh.edu.gr\/wordpress\/wp-content\/uploads\/2026\/04\/20251110_120336-scaled.jpg\",\"datePublished\":\"2026-04-28T08:05:13+00:00\",\"author\":{\"@id\":\"https:\/\/lfh.edu.gr\/#\/schema\/person\/b21946bef61d17e2181414c787ece2a1\"},\"description\":\"Lisez l'article et d\u00e9couvrez toute l'actualit\u00e9 du Lyc\u00e9e Franco-Hell\u00e9nique Eug\u00e8ne Delacroix \u00e0 Ath\u00e8nes (LFHED).\",\"breadcrumb\":{\"@id\":\"https:\/\/lfh.edu.gr\/blog\/les-eleves-da-du-college-en-visite-a-lecole-de-sourds\/#breadcrumb\"},\"inLanguage\":\"el\",\"potentialAction\":[{\"@type\":\"ReadAction\",\"target\":[\"https:\/\/lfh.edu.gr\/blog\/les-eleves-da-du-college-en-visite-a-lecole-de-sourds\/\"]}]},{\"@type\":\"ImageObject\",\"inLanguage\":\"el\",\"@id\":\"https:\/\/lfh.edu.gr\/blog\/les-eleves-da-du-college-en-visite-a-lecole-de-sourds\/#primaryimage\",\"url\":\"https:\/\/lfh.edu.gr\/wordpress\/wp-content\/uploads\/2026\/04\/20251110_120336-scaled.jpg\",\"contentUrl\":\"https:\/\/lfh.edu.gr\/wordpress\/wp-content\/uploads\/2026\/04\/20251110_120336-scaled.jpg\",\"width\":2560,\"height\":1440},{\"@type\":\"BreadcrumbList\",\"@id\":\"https:\/\/lfh.edu.gr\/blog\/les-eleves-da-du-college-en-visite-a-lecole-de-sourds\/#breadcrumb\",\"itemListElement\":[{\"@type\":\"ListItem\",\"position\":1,\"name\":\"Accueil\",\"item\":\"https:\/\/lfh.edu.gr\/\"},{\"@type\":\"ListItem\",\"position\":2,\"name\":\"Les \u00e9l\u00e8ves d\u2019A du coll\u00e8ge en visite \u00e0 l\u2019\u00e9cole de sourds\"}]},{\"@type\":\"WebSite\",\"@id\":\"https:\/\/lfh.edu.gr\/#website\",\"url\":\"https:\/\/lfh.edu.gr\/\",\"name\":\"Lyc\u00e9e Franco-Hell\u00e9nique Eug\u00e8ne Delacroix\",\"description\":\"\",\"potentialAction\":[{\"@type\":\"SearchAction\",\"target\":{\"@type\":\"EntryPoint\",\"urlTemplate\":\"https:\/\/lfh.edu.gr\/?s={search_term_string}\"},\"query-input\":{\"@type\":\"PropertyValueSpecification\",\"valueRequired\":true,\"valueName\":\"search_term_string\"}}],\"inLanguage\":\"el\"},{\"@type\":\"Person\",\"@id\":\"https:\/\/lfh.edu.gr\/#\/schema\/person\/b21946bef61d17e2181414c787ece2a1\",\"name\":\"Alexandre\",\"image\":{\"@type\":\"ImageObject\",\"inLanguage\":\"el\",\"@id\":\"https:\/\/lfh.edu.gr\/#\/schema\/person\/image\/\",\"url\":\"https:\/\/secure.gravatar.com\/avatar\/cf0f57bf0c764649583d3c58f343ed6e6b2516e7224dbf4e779aed94f0c44c44?s=96&d=mm&r=g\",\"contentUrl\":\"https:\/\/secure.gravatar.com\/avatar\/cf0f57bf0c764649583d3c58f343ed6e6b2516e7224dbf4e779aed94f0c44c44?s=96&d=mm&r=g\",\"caption\":\"Alexandre\"},\"url\":\"https:\/\/lfh.edu.gr\/el\/blog\/author\/atsipouridis\/\"}]}<\/script>\n<!-- \/ Yoast SEO plugin. -->","yoast_head_json":{"title":"Les \u00e9l\u00e8ves d\u2019A du coll\u00e8ge en visite \u00e0 l\u2019\u00e9cole de sourds - Lyc\u00e9e Franco-Hell\u00e9nique Eug\u00e8ne Delacroix","description":"\u0394\u03b9\u03b1\u03b2\u03ac\u03c3\u03c4\u03b5 \u03c4\u03bf \u03ac\u03c1\u03b8\u03c1\u03bf \u03ba\u03b1\u03b9 \u03bc\u03ac\u03b8\u03b5\u03c4\u03b5 \u03cc\u03bb\u03b1 \u03c4\u03b1 \u03c4\u03b5\u03bb\u03b5\u03c5\u03c4\u03b1\u03af\u03b1 \u03bd\u03ad\u03b1 \u03b1\u03c0\u03cc \u03c4\u03bf \u039b\u03cd\u03ba\u03b5\u03b9\u03bf \u0393\u03b1\u03bb\u03bb\u03bf\u03b5\u03bb\u03bb\u03b7\u03bd\u03b9\u03ba\u03bf\u03cd \u0395\u03c5\u03b3\u03ad\u03bd\u03b9\u03bf\u03c5 \u039d\u03c4\u03b5\u03bb\u03b1\u03ba\u03c1\u03bf\u03c5\u03ac \u03c3\u03c4\u03b7\u03bd \u0391\u03b8\u03ae\u03bd\u03b1 (LFHED).","robots":{"index":"index","follow":"follow","max-snippet":"max-snippet:-1","max-image-preview":"max-image-preview:large","max-video-preview":"max-video-preview:-1"},"canonical":"https:\/\/lfh.edu.gr\/el\/blog\/les-eleves-da-du-college-en-visite-a-lecole-de-sourds\/","og_locale":"el_GR","og_type":"article","og_title":"Les \u00e9l\u00e8ves d\u2019A du coll\u00e8ge en visite \u00e0 l\u2019\u00e9cole de sourds - Lyc\u00e9e Franco-Hell\u00e9nique Eug\u00e8ne Delacroix","og_description":"Lisez l'article et d\u00e9couvrez toute l'actualit\u00e9 du Lyc\u00e9e Franco-Hell\u00e9nique Eug\u00e8ne Delacroix \u00e0 Ath\u00e8nes (LFHED).","og_url":"https:\/\/lfh.edu.gr\/el\/blog\/les-eleves-da-du-college-en-visite-a-lecole-de-sourds\/","og_site_name":"Lyc\u00e9e Franco-Hell\u00e9nique Eug\u00e8ne Delacroix","article_published_time":"2026-04-28T08:05:13+00:00","author":"Alexandre","twitter_card":"summary_large_image","twitter_misc":{"\u03a3\u03c5\u03bd\u03c4\u03ac\u03c7\u03b8\u03b7\u03ba\u03b5 \u03b1\u03c0\u03cc":"Alexandre","\u0395\u03ba\u03c4\u03b9\u03bc\u03ce\u03bc\u03b5\u03bd\u03bf\u03c2 \u03c7\u03c1\u03cc\u03bd\u03bf\u03c2 \u03b1\u03bd\u03ac\u03b3\u03bd\u03c9\u03c3\u03b7\u03c2":"1 \u03bb\u03b5\u03c0\u03c4\u03cc"},"schema":{"@context":"https:\/\/schema.org","@graph":[{"@type":"WebPage","@id":"https:\/\/lfh.edu.gr\/blog\/les-eleves-da-du-college-en-visite-a-lecole-de-sourds\/","url":"https:\/\/lfh.edu.gr\/blog\/les-eleves-da-du-college-en-visite-a-lecole-de-sourds\/","name":"Les \u00e9l\u00e8ves d\u2019A du coll\u00e8ge en visite \u00e0 l\u2019\u00e9cole de sourds - Lyc\u00e9e Franco-Hell\u00e9nique Eug\u00e8ne Delacroix","isPartOf":{"@id":"https:\/\/lfh.edu.gr\/#website"},"primaryImageOfPage":{"@id":"https:\/\/lfh.edu.gr\/blog\/les-eleves-da-du-college-en-visite-a-lecole-de-sourds\/#primaryimage"},"image":{"@id":"https:\/\/lfh.edu.gr\/blog\/les-eleves-da-du-college-en-visite-a-lecole-de-sourds\/#primaryimage"},"thumbnailUrl":"https:\/\/lfh.edu.gr\/wordpress\/wp-content\/uploads\/2026\/04\/20251110_120336-scaled.jpg","datePublished":"2026-04-28T08:05:13+00:00","author":{"@id":"https:\/\/lfh.edu.gr\/#\/schema\/person\/b21946bef61d17e2181414c787ece2a1"},"description":"\u0394\u03b9\u03b1\u03b2\u03ac\u03c3\u03c4\u03b5 \u03c4\u03bf \u03ac\u03c1\u03b8\u03c1\u03bf \u03ba\u03b1\u03b9 \u03bc\u03ac\u03b8\u03b5\u03c4\u03b5 \u03cc\u03bb\u03b1 \u03c4\u03b1 \u03c4\u03b5\u03bb\u03b5\u03c5\u03c4\u03b1\u03af\u03b1 \u03bd\u03ad\u03b1 \u03b1\u03c0\u03cc \u03c4\u03bf \u039b\u03cd\u03ba\u03b5\u03b9\u03bf \u0393\u03b1\u03bb\u03bb\u03bf\u03b5\u03bb\u03bb\u03b7\u03bd\u03b9\u03ba\u03bf\u03cd \u0395\u03c5\u03b3\u03ad\u03bd\u03b9\u03bf\u03c5 \u039d\u03c4\u03b5\u03bb\u03b1\u03ba\u03c1\u03bf\u03c5\u03ac \u03c3\u03c4\u03b7\u03bd \u0391\u03b8\u03ae\u03bd\u03b1 (LFHED).","breadcrumb":{"@id":"https:\/\/lfh.edu.gr\/blog\/les-eleves-da-du-college-en-visite-a-lecole-de-sourds\/#breadcrumb"},"inLanguage":"el","potentialAction":[{"@type":"ReadAction","target":["https:\/\/lfh.edu.gr\/blog\/les-eleves-da-du-college-en-visite-a-lecole-de-sourds\/"]}]},{"@type":"ImageObject","inLanguage":"el","@id":"https:\/\/lfh.edu.gr\/blog\/les-eleves-da-du-college-en-visite-a-lecole-de-sourds\/#primaryimage","url":"https:\/\/lfh.edu.gr\/wordpress\/wp-content\/uploads\/2026\/04\/20251110_120336-scaled.jpg","contentUrl":"https:\/\/lfh.edu.gr\/wordpress\/wp-content\/uploads\/2026\/04\/20251110_120336-scaled.jpg","width":2560,"height":1440},{"@type":"BreadcrumbList","@id":"https:\/\/lfh.edu.gr\/blog\/les-eleves-da-du-college-en-visite-a-lecole-de-sourds\/#breadcrumb","itemListElement":[{"@type":"ListItem","position":1,"name":"Accueil","item":"https:\/\/lfh.edu.gr\/"},{"@type":"ListItem","position":2,"name":"Les \u00e9l\u00e8ves d\u2019A du coll\u00e8ge en visite \u00e0 l\u2019\u00e9cole de sourds"}]},{"@type":"WebSite","@id":"https:\/\/lfh.edu.gr\/#website","url":"https:\/\/lfh.edu.gr\/","name":"Lyc\u00e9e Franco-Hell\u00e9nique Eug\u00e8ne Delacroix","description":"","potentialAction":[{"@type":"SearchAction","target":{"@type":"EntryPoint","urlTemplate":"https:\/\/lfh.edu.gr\/?s={search_term_string}"},"query-input":{"@type":"PropertyValueSpecification","valueRequired":true,"valueName":"search_term_string"}}],"inLanguage":"el"},{"@type":"Person","@id":"https:\/\/lfh.edu.gr\/#\/schema\/person\/b21946bef61d17e2181414c787ece2a1","name":"Alexandre","image":{"@type":"ImageObject","inLanguage":"el","@id":"https:\/\/lfh.edu.gr\/#\/schema\/person\/image\/","url":"https:\/\/secure.gravatar.com\/avatar\/cf0f57bf0c764649583d3c58f343ed6e6b2516e7224dbf4e779aed94f0c44c44?s=96&d=mm&r=g","contentUrl":"https:\/\/secure.gravatar.com\/avatar\/cf0f57bf0c764649583d3c58f343ed6e6b2516e7224dbf4e779aed94f0c44c44?s=96&d=mm&r=g","caption":"Alexandre"},"url":"https:\/\/lfh.edu.gr\/el\/blog\/author\/atsipouridis\/"}]}},"jetpack_featured_media_url":"https:\/\/lfh.edu.gr\/wordpress\/wp-content\/uploads\/2026\/04\/20251110_120336-scaled.jpg","jetpack_sharing_enabled":true,"_links":{"self":[{"href":"https:\/\/lfh.edu.gr\/el\/wp-json\/wp\/v2\/posts\/3035","targetHints":{"allow":["GET"]}}],"collection":[{"href":"https:\/\/lfh.edu.gr\/el\/wp-json\/wp\/v2\/posts"}],"about":[{"href":"https:\/\/lfh.edu.gr\/el\/wp-json\/wp\/v2\/types\/post"}],"author":[{"embeddable":true,"href":"https:\/\/lfh.edu.gr\/el\/wp-json\/wp\/v2\/users\/5"}],"replies":[{"embeddable":true,"href":"https:\/\/lfh.edu.gr\/el\/wp-json\/wp\/v2\/comments?post=3035"}],"version-history":[{"count":1,"href":"https:\/\/lfh.edu.gr\/el\/wp-json\/wp\/v2\/posts\/3035\/revisions"}],"predecessor-version":[{"id":3037,"href":"https:\/\/lfh.edu.gr\/el\/wp-json\/wp\/v2\/posts\/3035\/revisions\/3037"}],"wp:featuredmedia":[{"embeddable":true,"href":"https:\/\/lfh.edu.gr\/el\/wp-json\/wp\/v2\/media\/3036"}],"wp:attachment":[{"href":"https:\/\/lfh.edu.gr\/el\/wp-json\/wp\/v2\/media?parent=3035"}],"wp:term":[{"taxonomy":"category","embeddable":true,"href":"https:\/\/lfh.edu.gr\/el\/wp-json\/wp\/v2\/categories?post=3035"},{"taxonomy":"post_tag","embeddable":true,"href":"https:\/\/lfh.edu.gr\/el\/wp-json\/wp\/v2\/tags?post=3035"}],"curies":[{"name":"wp","href":"https:\/\/api.w.org\/{rel}","templated":true}]}}